{"id":1298,"date":"2020-09-15T16:12:19","date_gmt":"2020-09-15T14:12:19","guid":{"rendered":"https:\/\/www.verdieditions.com\/equilibre-de-vie\/?p=1298"},"modified":"2023-07-11T10:02:32","modified_gmt":"2023-07-11T08:02:32","slug":"bienfaits-reiki-armelle","status":"publish","type":"post","link":"https:\/\/www.verdieditions.com\/equilibre-de-vie\/bienfaits-reiki-armelle\/","title":{"rendered":"Les bienfaits des Soins \u00c9nerg\u00e9tiques Reiki par Armelle, Ma\u00eetre Reiki 4"},"content":{"rendered":"<h2> Les bienfaits des Soins \u00e9nerg\u00e9tiques Reiki par Armelle, Ma\u00eetre Reiki Usui 4 <\/h2>\n<h3>Le Reiki, m\u00e9thode naturelle de Soin \u00c9nerg\u00e9tique <\/h3>\n<p>Le Reiki est une m\u00e9thode naturelle de Soin \u00c9nerg\u00e9tique par imposition des mains. Originaire du Japon, le Reiki a \u00e9t\u00e9 red\u00e9couvert au d\u00e9but du XX\u00e8me si\u00e8cle par Mikao Usui (1865-1926) au cours d\u2019une exp\u00e9rience mystique, sur le Mont Kurama.<br \/>\nReiki signifie \u00ab l\u2019\u00e9nergie universelle de vie \u00bb. Son nom associe deux termes : \u00ab Rei \u00bb, qui signifie \u00ab esprit universel \u00bb, et \u00ab Ki \u00bb, traduction de \u00ab \u00e9nergie vitale \u00bb. Le Ki, \u00ab \u00e9nergie universelle de vie \u00bb est le Pr\u0101\u1e47a dans la philosophie indienne, le \u00ab souffle vital \u00bb qui circule partout dans la Nature, dans le corps, permettant son fonctionnement et reliant les \u00eatres entre eux. Le Reiki est une technique de relaxation japonaise, une pratique douce, simple et sans manipulation physique, qui stimule les m\u00e9canismes d\u2019auto gu\u00e9rison.<br \/>\nLe reiki s&rsquo;adapte aux besoins de chacun.<\/p>\n<h2> Le Reiki Usui : harmoniser et soulager <\/h2>\n<p>L\u2019un des objectifs du Reiki est de soulager les souffrances, d\u2019apporter un calme mental, une paix int\u00e9rieure et un bien \u00eatre en g\u00e9n\u00e9ral. C\u2019est une m\u00e9thode naturelle, destin\u00e9e \u00e0 harmoniser le corps, les \u00e9motions et l\u2019esprit. C\u2019est \u00e9galement un excellent moyen de faire le plein d\u2019\u00e9nergie et de se ressourcer.<br \/>\nLes vertus du Reiki se rapprochent de celles de la m\u00e9ditation dont on sait aujourd\u2019hui qu\u2019elle am\u00e9liore significativement l\u2019\u00e9tat de sant\u00e9 physique et mental de ceux qui la pratiquent. Le Reiki permet d\u2019harmoniser les plans \u00e9motionnels, physiques, psychologiques et spirituels de l&rsquo;\u00catre. Le Reiki Usui est une m\u00e9thode naturelle de r\u00e9\u00e9quilibrage efficace des \u00e9nergies, destin\u00e9e \u00e0 harmoniser le corps, les \u00e9motions et l\u2019esprit.<br \/>\nLe Reiki revitalise le corps et l\u2019esprit et renforce le syst\u00e8me immunitaire. C\u2019est \u00e9galement un excellent moyen d\u2019augmenter son \u00e9nergie vitale, sa confiance en soi, de se ressourcer\u2026<br \/>\nLe Reiki permet d&rsquo;harmoniser l&rsquo;aura et un meilleur fonctionnement des organes, des glandes et des chakras.<\/p>\n<h2> A qui s&rsquo;adresse une s\u00e9ance de Reiki ? <\/h2>\n<p>Les s\u00e9ances reiki s&rsquo;adressent \u00e0 toutes et tous : enfants, adultes et personnes \u00e2g\u00e9es mais aussi aux animaux \u00e0 titre pr\u00e9ventif ou curatif. Le Reiki accompagne toutes les \u00e9tapes de la vie .<br \/>\nA tous ceux et celles qui sont aux prises avec des difficult\u00e9s dans leur corps . Pour le revitaliser, apaiser les douleurs, accompagner les longues maladies, renforcer le syst\u00e8me immunitaire .<br \/>\nA ceux et celles qui ont des souffrances d&rsquo;ordre \u00e9motionnel : anxi\u00e9t\u00e9, col\u00e8re, stress, tristesse&#8230;<br \/>\nAux personnes qui souffrent mentalement : id\u00e9es noires, d\u00e9pression&#8230;<br \/>\nAux personnes qui souhaitent \u00eatre accompagn\u00e9es par le Reiki dans leur \u00e9volution spirituelle.<br \/>\nEt enfin, \u00e0 tous les animaux en souffrances ou en fin de vie.<\/p>\n<h2> Comment se d\u00e9roule une s\u00e9ance de Reiki ? <\/h2>\n<p>Une s\u00e9ance dure entre 1h et 1h30 et comprend 3 phases :<br \/>\n\u2022\tUn temps d&rsquo;accueil et d&rsquo;\u00e9coute pour bien d\u00e9finir l&rsquo;intention du soin.<br \/>\n\u2022\tLe soin. Vous \u00eates allong\u00e9(e) confortablement, habill\u00e9(e) (\u00e0 l&rsquo;exception des chaussures), les yeux ferm\u00e9s sur une table de massage. Id\u00e9alement pr\u00e9voyez des v\u00eatements confortables. Musique zen pour faciliter la d\u00e9tente. L\u2019\u00c9nerg\u00e9ticienne va prendre un moment pour se centrer, puis elle pose ses mains sur ou au-dessus de votre corps aux endroits sp\u00e9cifiques o\u00f9 elle observe un besoin \u00e9nerg\u00e9tique et laisse l&rsquo;\u00c9nergie curative agir.<br \/>\n\u2022\tUn temps d&rsquo;\u00e9change de partage des ressentis mutuels sur le soin, si vous en \u00e9prouvez le besoin. Les ressentis sont propres \u00e0 chacun. Vous pouvez \u00e9prouver une sensation de r\u00e9chauffement, une vibration ou des picotements, parfois de la fraicheur, une sensation de flottement et un \u00e9tat de profonde relaxation et de bien-\u00eatre. Puis les conseils de votre \u00c9nerg\u00e9ticienne pour aider votre corps \u00e0 se lib\u00e9rer de ses toxines.<\/p>\n<p>Quant aux s\u00e9ances animali\u00e8res, il est toujours pr\u00e9f\u00e9rable qu&rsquo;elles se d\u00e9roulent sur le lieu de vie de l&rsquo;animal pour son confort personnel. Il s&rsquo;agit \u00e9galement de syst\u00e9matiquement demander l&rsquo;autorisation \u00e0 l&rsquo;animal de pratiquer le soin sur lui.<\/p>\n<p><strong>Armelle, Ma\u00eetre Reiki 4 &#038; Praticienne Lahochi<br \/>\nCertifi\u00e9e Reiki Master 4, Certifi\u00e9e Praticienne Lahochi<\/strong><br \/>\n>> Arr\u00eat de l\u2019activit\u00e9 pour des raisons personnelles en janvier 2023.<\/p>\n<p><\/br><\/p>\n<p style=\"text-align: left;\"><a href=\"https:\/\/www.verdieditions.com\/equilibre-de-vie\/boutique\/\" class=\"su-button su-button-style-default\" style=\"color:#ffffff;background-color:#709D3A;border-color:#5a7e2f;border-radius:0px\" target=\"_self\"><span style=\"color:#ffffff;padding:6px 18px;font-size:14px;line-height:21px;border-color:#9bbb76;border-radius:0px;text-shadow:none\"><i class=\"sui sui-shopping-cart\" style=\"font-size:14px;color:#FFFFFF\"><\/i> Retour \u00e0 la Boutique<\/span><\/a>\n<p>&nbsp;<\/p>\n","protected":false},"excerpt":{"rendered":"<p>Les bienfaits des Soins \u00e9nerg\u00e9tiques Reiki par Armelle, Ma\u00eetre Reiki Usui 4 Le Reiki, m\u00e9thode naturelle de Soin \u00c9nerg\u00e9tique Le Reiki est une m\u00e9thode naturelle de Soin \u00c9nerg\u00e9tique par imposition des mains. Originaire du Japon, le Reiki a \u00e9t\u00e9 red\u00e9couvert &hellip; <a class=\"kt-excerpt-readmore\" href=\"https:\/\/www.verdieditions.com\/equilibre-de-vie\/bienfaits-reiki-armelle\/\" aria-label=\"Les bienfaits des Soins \u00c9nerg\u00e9tiques Reiki par Armelle, Ma\u00eetre Reiki 4\">Lire la suite<\/a><\/p>\n","protected":false},"author":1,"featured_media":1302,"comment_status":"closed","ping_status":"closed","sticky":false,"template":"","format":"standard","meta":{"footnotes":""},"categories":[229],"tags":[244,246,243,245],"class_list":["post-1298","post","type-post","status-publish","format-standard","has-post-thumbnail","hentry","category-edito","tag-lahochi","tag-medecine-alternative","tag-reiki","tag-soins-energetiques"],"yoast_head":"<!-- This site is optimized with the Yoast SEO plugin v27.4 - https:\/\/yoast.com\/product\/yoast-seo-wordpress\/ -->\n<title>Les bienfaits des Soins \u00c9nerg\u00e9tiques Reiki par Armelle, Ma\u00eetre Reiki 4<\/title>\n<meta name=\"robots\" content=\"index, follow, max-snippet:-1, max-image-preview:large, max-video-preview:-1\" \/>\n<link rel=\"canonical\" href=\"https:\/\/www.verdieditions.com\/equilibre-de-vie\/bienfaits-reiki-armelle\/\" \/>\n<meta property=\"og:locale\" content=\"fr_FR\" \/>\n<meta property=\"og:type\" content=\"article\" \/>\n<meta property=\"og:title\" content=\"Les bienfaits des Soins \u00c9nerg\u00e9tiques Reiki par Armelle, Ma\u00eetre Reiki 4\" \/>\n<meta property=\"og:description\" content=\"Les bienfaits des Soins \u00e9nerg\u00e9tiques Reiki par Armelle, Ma\u00eetre Reiki Usui 4 Le Reiki, m\u00e9thode naturelle de Soin \u00c9nerg\u00e9tique Le Reiki est une m\u00e9thode naturelle de Soin \u00c9nerg\u00e9tique par imposition des mains. Originaire du Japon, le Reiki a \u00e9t\u00e9 red\u00e9couvert &hellip; Lire la suite\" \/>\n<meta property=\"og:url\" content=\"https:\/\/www.verdieditions.com\/equilibre-de-vie\/bienfaits-reiki-armelle\/\" \/>\n<meta property=\"og:site_name\" content=\"Equilibre de Vie\" \/>\n<meta property=\"article:published_time\" content=\"2020-09-15T14:12:19+00:00\" \/>\n<meta property=\"article:modified_time\" content=\"2023-07-11T08:02:32+00:00\" \/>\n<meta property=\"og:image\" content=\"https:\/\/www.verdieditions.com\/equilibre-de-vie\/wp-content\/uploads\/2020\/09\/equilibrage-chakras-reiki-lahochi-\u00a9natalie-grainger-Armelle.jpg\" \/>\n\t<meta property=\"og:image:width\" content=\"900\" \/>\n\t<meta property=\"og:image:height\" content=\"512\" \/>\n\t<meta property=\"og:image:type\" content=\"image\/jpeg\" \/>\n<meta name=\"author\" content=\"Sylvie VERDI\" \/>\n<meta name=\"twitter:card\" content=\"summary_large_image\" \/>\n<meta name=\"twitter:label1\" content=\"\u00c9crit par\" \/>\n\t<meta name=\"twitter:data1\" content=\"Sylvie VERDI\" \/>\n\t<meta name=\"twitter:label2\" content=\"Dur\u00e9e de lecture estim\u00e9e\" \/>\n\t<meta name=\"twitter:data2\" content=\"4 minutes\" \/>\n<script type=\"application\/ld+json\" class=\"yoast-schema-graph\">{\"@context\":\"https:\\\/\\\/schema.org\",\"@graph\":[{\"@type\":\"Article\",\"@id\":\"https:\\\/\\\/www.verdieditions.com\\\/equilibre-de-vie\\\/bienfaits-reiki-armelle\\\/#article\",\"isPartOf\":{\"@id\":\"https:\\\/\\\/www.verdieditions.com\\\/equilibre-de-vie\\\/bienfaits-reiki-armelle\\\/\"},\"author\":{\"name\":\"Sylvie VERDI\",\"@id\":\"https:\\\/\\\/www.verdieditions.com\\\/equilibre-de-vie\\\/#\\\/schema\\\/person\\\/9dcb2a6759f2f5fbf43ac0b44649cecb\"},\"headline\":\"Les bienfaits des Soins \u00c9nerg\u00e9tiques Reiki par Armelle, Ma\u00eetre Reiki 4\",\"datePublished\":\"2020-09-15T14:12:19+00:00\",\"dateModified\":\"2023-07-11T08:02:32+00:00\",\"mainEntityOfPage\":{\"@id\":\"https:\\\/\\\/www.verdieditions.com\\\/equilibre-de-vie\\\/bienfaits-reiki-armelle\\\/\"},\"wordCount\":765,\"publisher\":{\"@id\":\"https:\\\/\\\/www.verdieditions.com\\\/equilibre-de-vie\\\/#\\\/schema\\\/person\\\/9dcb2a6759f2f5fbf43ac0b44649cecb\"},\"image\":{\"@id\":\"https:\\\/\\\/www.verdieditions.com\\\/equilibre-de-vie\\\/bienfaits-reiki-armelle\\\/#primaryimage\"},\"thumbnailUrl\":\"https:\\\/\\\/www.verdieditions.com\\\/equilibre-de-vie\\\/wp-content\\\/uploads\\\/2020\\\/09\\\/equilibrage-chakras-reiki-lahochi-\u00a9natalie-grainger-Armelle.jpg\",\"keywords\":[\"lahochi\",\"medecine alternative\",\"reiki\",\"soins energetiques\"],\"articleSection\":[\"Edito\"],\"inLanguage\":\"fr-FR\"},{\"@type\":\"WebPage\",\"@id\":\"https:\\\/\\\/www.verdieditions.com\\\/equilibre-de-vie\\\/bienfaits-reiki-armelle\\\/\",\"url\":\"https:\\\/\\\/www.verdieditions.com\\\/equilibre-de-vie\\\/bienfaits-reiki-armelle\\\/\",\"name\":\"Les bienfaits des Soins \u00c9nerg\u00e9tiques Reiki par Armelle, Ma\u00eetre Reiki 4\",\"isPartOf\":{\"@id\":\"https:\\\/\\\/www.verdieditions.com\\\/equilibre-de-vie\\\/#website\"},\"primaryImageOfPage\":{\"@id\":\"https:\\\/\\\/www.verdieditions.com\\\/equilibre-de-vie\\\/bienfaits-reiki-armelle\\\/#primaryimage\"},\"image\":{\"@id\":\"https:\\\/\\\/www.verdieditions.com\\\/equilibre-de-vie\\\/bienfaits-reiki-armelle\\\/#primaryimage\"},\"thumbnailUrl\":\"https:\\\/\\\/www.verdieditions.com\\\/equilibre-de-vie\\\/wp-content\\\/uploads\\\/2020\\\/09\\\/equilibrage-chakras-reiki-lahochi-\u00a9natalie-grainger-Armelle.jpg\",\"datePublished\":\"2020-09-15T14:12:19+00:00\",\"dateModified\":\"2023-07-11T08:02:32+00:00\",\"breadcrumb\":{\"@id\":\"https:\\\/\\\/www.verdieditions.com\\\/equilibre-de-vie\\\/bienfaits-reiki-armelle\\\/#breadcrumb\"},\"inLanguage\":\"fr-FR\",\"potentialAction\":[{\"@type\":\"ReadAction\",\"target\":[\"https:\\\/\\\/www.verdieditions.com\\\/equilibre-de-vie\\\/bienfaits-reiki-armelle\\\/\"]}]},{\"@type\":\"ImageObject\",\"inLanguage\":\"fr-FR\",\"@id\":\"https:\\\/\\\/www.verdieditions.com\\\/equilibre-de-vie\\\/bienfaits-reiki-armelle\\\/#primaryimage\",\"url\":\"https:\\\/\\\/www.verdieditions.com\\\/equilibre-de-vie\\\/wp-content\\\/uploads\\\/2020\\\/09\\\/equilibrage-chakras-reiki-lahochi-\u00a9natalie-grainger-Armelle.jpg\",\"contentUrl\":\"https:\\\/\\\/www.verdieditions.com\\\/equilibre-de-vie\\\/wp-content\\\/uploads\\\/2020\\\/09\\\/equilibrage-chakras-reiki-lahochi-\u00a9natalie-grainger-Armelle.jpg\",\"width\":900,\"height\":512,\"caption\":\"equilibrage-chakras-reiki-lahochi-\u00a9natalie-grainger-Armelle\"},{\"@type\":\"BreadcrumbList\",\"@id\":\"https:\\\/\\\/www.verdieditions.com\\\/equilibre-de-vie\\\/bienfaits-reiki-armelle\\\/#breadcrumb\",\"itemListElement\":[{\"@type\":\"ListItem\",\"position\":1,\"name\":\"Accueil\",\"item\":\"https:\\\/\\\/www.verdieditions.com\\\/equilibre-de-vie\\\/\"},{\"@type\":\"ListItem\",\"position\":2,\"name\":\"Les bienfaits des Soins \u00c9nerg\u00e9tiques Reiki par Armelle, Ma\u00eetre Reiki 4\"}]},{\"@type\":\"WebSite\",\"@id\":\"https:\\\/\\\/www.verdieditions.com\\\/equilibre-de-vie\\\/#website\",\"url\":\"https:\\\/\\\/www.verdieditions.com\\\/equilibre-de-vie\\\/\",\"name\":\"Equilibre de Vie\",\"description\":\"Ma boutique livres sant\u00e9, \u00e9sot\u00e9risme et d\u00e9veloppement personnel\",\"publisher\":{\"@id\":\"https:\\\/\\\/www.verdieditions.com\\\/equilibre-de-vie\\\/#\\\/schema\\\/person\\\/9dcb2a6759f2f5fbf43ac0b44649cecb\"},\"potentialAction\":[{\"@type\":\"SearchAction\",\"target\":{\"@type\":\"EntryPoint\",\"urlTemplate\":\"https:\\\/\\\/www.verdieditions.com\\\/equilibre-de-vie\\\/?s={search_term_string}\"},\"query-input\":{\"@type\":\"PropertyValueSpecification\",\"valueRequired\":true,\"valueName\":\"search_term_string\"}}],\"inLanguage\":\"fr-FR\"},{\"@type\":[\"Person\",\"Organization\"],\"@id\":\"https:\\\/\\\/www.verdieditions.com\\\/equilibre-de-vie\\\/#\\\/schema\\\/person\\\/9dcb2a6759f2f5fbf43ac0b44649cecb\",\"name\":\"Sylvie VERDI\",\"image\":{\"@type\":\"ImageObject\",\"inLanguage\":\"fr-FR\",\"@id\":\"https:\\\/\\\/www.verdieditions.com\\\/equilibre-de-vie\\\/wp-content\\\/uploads\\\/2020\\\/04\\\/livres-occasion-sante-esoterisme-developpement-personnel-2.jpg\",\"url\":\"https:\\\/\\\/www.verdieditions.com\\\/equilibre-de-vie\\\/wp-content\\\/uploads\\\/2020\\\/04\\\/livres-occasion-sante-esoterisme-developpement-personnel-2.jpg\",\"contentUrl\":\"https:\\\/\\\/www.verdieditions.com\\\/equilibre-de-vie\\\/wp-content\\\/uploads\\\/2020\\\/04\\\/livres-occasion-sante-esoterisme-developpement-personnel-2.jpg\",\"width\":800,\"height\":572,\"caption\":\"Sylvie VERDI\"},\"logo\":{\"@id\":\"https:\\\/\\\/www.verdieditions.com\\\/equilibre-de-vie\\\/wp-content\\\/uploads\\\/2020\\\/04\\\/livres-occasion-sante-esoterisme-developpement-personnel-2.jpg\"},\"sameAs\":[\"https:\\\/\\\/www.verdieditions.com\\\/equilibre-de-vie\"]}]}<\/script>\n<!-- \/ Yoast SEO plugin. -->","yoast_head_json":{"title":"Les bienfaits des Soins \u00c9nerg\u00e9tiques Reiki par Armelle, Ma\u00eetre Reiki 4","robots":{"index":"index","follow":"follow","max-snippet":"max-snippet:-1","max-image-preview":"max-image-preview:large","max-video-preview":"max-video-preview:-1"},"canonical":"https:\/\/www.verdieditions.com\/equilibre-de-vie\/bienfaits-reiki-armelle\/","og_locale":"fr_FR","og_type":"article","og_title":"Les bienfaits des Soins \u00c9nerg\u00e9tiques Reiki par Armelle, Ma\u00eetre Reiki 4","og_description":"Les bienfaits des Soins \u00e9nerg\u00e9tiques Reiki par Armelle, Ma\u00eetre Reiki Usui 4 Le Reiki, m\u00e9thode naturelle de Soin \u00c9nerg\u00e9tique Le Reiki est une m\u00e9thode naturelle de Soin \u00c9nerg\u00e9tique par imposition des mains. Originaire du Japon, le Reiki a \u00e9t\u00e9 red\u00e9couvert &hellip; Lire la suite","og_url":"https:\/\/www.verdieditions.com\/equilibre-de-vie\/bienfaits-reiki-armelle\/","og_site_name":"Equilibre de Vie","article_published_time":"2020-09-15T14:12:19+00:00","article_modified_time":"2023-07-11T08:02:32+00:00","og_image":[{"width":900,"height":512,"url":"https:\/\/www.verdieditions.com\/equilibre-de-vie\/wp-content\/uploads\/2020\/09\/equilibrage-chakras-reiki-lahochi-\u00a9natalie-grainger-Armelle.jpg","type":"image\/jpeg"}],"author":"Sylvie VERDI","twitter_card":"summary_large_image","twitter_misc":{"\u00c9crit par":"Sylvie VERDI","Dur\u00e9e de lecture estim\u00e9e":"4 minutes"},"schema":{"@context":"https:\/\/schema.org","@graph":[{"@type":"Article","@id":"https:\/\/www.verdieditions.com\/equilibre-de-vie\/bienfaits-reiki-armelle\/#article","isPartOf":{"@id":"https:\/\/www.verdieditions.com\/equilibre-de-vie\/bienfaits-reiki-armelle\/"},"author":{"name":"Sylvie VERDI","@id":"https:\/\/www.verdieditions.com\/equilibre-de-vie\/#\/schema\/person\/9dcb2a6759f2f5fbf43ac0b44649cecb"},"headline":"Les bienfaits des Soins \u00c9nerg\u00e9tiques Reiki par Armelle, Ma\u00eetre Reiki 4","datePublished":"2020-09-15T14:12:19+00:00","dateModified":"2023-07-11T08:02:32+00:00","mainEntityOfPage":{"@id":"https:\/\/www.verdieditions.com\/equilibre-de-vie\/bienfaits-reiki-armelle\/"},"wordCount":765,"publisher":{"@id":"https:\/\/www.verdieditions.com\/equilibre-de-vie\/#\/schema\/person\/9dcb2a6759f2f5fbf43ac0b44649cecb"},"image":{"@id":"https:\/\/www.verdieditions.com\/equilibre-de-vie\/bienfaits-reiki-armelle\/#primaryimage"},"thumbnailUrl":"https:\/\/www.verdieditions.com\/equilibre-de-vie\/wp-content\/uploads\/2020\/09\/equilibrage-chakras-reiki-lahochi-\u00a9natalie-grainger-Armelle.jpg","keywords":["lahochi","medecine alternative","reiki","soins energetiques"],"articleSection":["Edito"],"inLanguage":"fr-FR"},{"@type":"WebPage","@id":"https:\/\/www.verdieditions.com\/equilibre-de-vie\/bienfaits-reiki-armelle\/","url":"https:\/\/www.verdieditions.com\/equilibre-de-vie\/bienfaits-reiki-armelle\/","name":"Les bienfaits des Soins \u00c9nerg\u00e9tiques Reiki par Armelle, Ma\u00eetre Reiki 4","isPartOf":{"@id":"https:\/\/www.verdieditions.com\/equilibre-de-vie\/#website"},"primaryImageOfPage":{"@id":"https:\/\/www.verdieditions.com\/equilibre-de-vie\/bienfaits-reiki-armelle\/#primaryimage"},"image":{"@id":"https:\/\/www.verdieditions.com\/equilibre-de-vie\/bienfaits-reiki-armelle\/#primaryimage"},"thumbnailUrl":"https:\/\/www.verdieditions.com\/equilibre-de-vie\/wp-content\/uploads\/2020\/09\/equilibrage-chakras-reiki-lahochi-\u00a9natalie-grainger-Armelle.jpg","datePublished":"2020-09-15T14:12:19+00:00","dateModified":"2023-07-11T08:02:32+00:00","breadcrumb":{"@id":"https:\/\/www.verdieditions.com\/equilibre-de-vie\/bienfaits-reiki-armelle\/#breadcrumb"},"inLanguage":"fr-FR","potentialAction":[{"@type":"ReadAction","target":["https:\/\/www.verdieditions.com\/equilibre-de-vie\/bienfaits-reiki-armelle\/"]}]},{"@type":"ImageObject","inLanguage":"fr-FR","@id":"https:\/\/www.verdieditions.com\/equilibre-de-vie\/bienfaits-reiki-armelle\/#primaryimage","url":"https:\/\/www.verdieditions.com\/equilibre-de-vie\/wp-content\/uploads\/2020\/09\/equilibrage-chakras-reiki-lahochi-\u00a9natalie-grainger-Armelle.jpg","contentUrl":"https:\/\/www.verdieditions.com\/equilibre-de-vie\/wp-content\/uploads\/2020\/09\/equilibrage-chakras-reiki-lahochi-\u00a9natalie-grainger-Armelle.jpg","width":900,"height":512,"caption":"equilibrage-chakras-reiki-lahochi-\u00a9natalie-grainger-Armelle"},{"@type":"BreadcrumbList","@id":"https:\/\/www.verdieditions.com\/equilibre-de-vie\/bienfaits-reiki-armelle\/#breadcrumb","itemListElement":[{"@type":"ListItem","position":1,"name":"Accueil","item":"https:\/\/www.verdieditions.com\/equilibre-de-vie\/"},{"@type":"ListItem","position":2,"name":"Les bienfaits des Soins \u00c9nerg\u00e9tiques Reiki par Armelle, Ma\u00eetre Reiki 4"}]},{"@type":"WebSite","@id":"https:\/\/www.verdieditions.com\/equilibre-de-vie\/#website","url":"https:\/\/www.verdieditions.com\/equilibre-de-vie\/","name":"Equilibre de Vie","description":"Ma boutique livres sant\u00e9, \u00e9sot\u00e9risme et d\u00e9veloppement personnel","publisher":{"@id":"https:\/\/www.verdieditions.com\/equilibre-de-vie\/#\/schema\/person\/9dcb2a6759f2f5fbf43ac0b44649cecb"},"potentialAction":[{"@type":"SearchAction","target":{"@type":"EntryPoint","urlTemplate":"https:\/\/www.verdieditions.com\/equilibre-de-vie\/?s={search_term_string}"},"query-input":{"@type":"PropertyValueSpecification","valueRequired":true,"valueName":"search_term_string"}}],"inLanguage":"fr-FR"},{"@type":["Person","Organization"],"@id":"https:\/\/www.verdieditions.com\/equilibre-de-vie\/#\/schema\/person\/9dcb2a6759f2f5fbf43ac0b44649cecb","name":"Sylvie VERDI","image":{"@type":"ImageObject","inLanguage":"fr-FR","@id":"https:\/\/www.verdieditions.com\/equilibre-de-vie\/wp-content\/uploads\/2020\/04\/livres-occasion-sante-esoterisme-developpement-personnel-2.jpg","url":"https:\/\/www.verdieditions.com\/equilibre-de-vie\/wp-content\/uploads\/2020\/04\/livres-occasion-sante-esoterisme-developpement-personnel-2.jpg","contentUrl":"https:\/\/www.verdieditions.com\/equilibre-de-vie\/wp-content\/uploads\/2020\/04\/livres-occasion-sante-esoterisme-developpement-personnel-2.jpg","width":800,"height":572,"caption":"Sylvie VERDI"},"logo":{"@id":"https:\/\/www.verdieditions.com\/equilibre-de-vie\/wp-content\/uploads\/2020\/04\/livres-occasion-sante-esoterisme-developpement-personnel-2.jpg"},"sameAs":["https:\/\/www.verdieditions.com\/equilibre-de-vie"]}]}},"_links":{"self":[{"href":"https:\/\/www.verdieditions.com\/equilibre-de-vie\/wp-json\/wp\/v2\/posts\/1298","targetHints":{"allow":["GET"]}}],"collection":[{"href":"https:\/\/www.verdieditions.com\/equilibre-de-vie\/wp-json\/wp\/v2\/posts"}],"about":[{"href":"https:\/\/www.verdieditions.com\/equilibre-de-vie\/wp-json\/wp\/v2\/types\/post"}],"author":[{"embeddable":true,"href":"https:\/\/www.verdieditions.com\/equilibre-de-vie\/wp-json\/wp\/v2\/users\/1"}],"replies":[{"embeddable":true,"href":"https:\/\/www.verdieditions.com\/equilibre-de-vie\/wp-json\/wp\/v2\/comments?post=1298"}],"version-history":[{"count":0,"href":"https:\/\/www.verdieditions.com\/equilibre-de-vie\/wp-json\/wp\/v2\/posts\/1298\/revisions"}],"wp:featuredmedia":[{"embeddable":true,"href":"https:\/\/www.verdieditions.com\/equilibre-de-vie\/wp-json\/wp\/v2\/media\/1302"}],"wp:attachment":[{"href":"https:\/\/www.verdieditions.com\/equilibre-de-vie\/wp-json\/wp\/v2\/media?parent=1298"}],"wp:term":[{"taxonomy":"category","embeddable":true,"href":"https:\/\/www.verdieditions.com\/equilibre-de-vie\/wp-json\/wp\/v2\/categories?post=1298"},{"taxonomy":"post_tag","embeddable":true,"href":"https:\/\/www.verdieditions.com\/equilibre-de-vie\/wp-json\/wp\/v2\/tags?post=1298"}],"curies":[{"name":"wp","href":"https:\/\/api.w.org\/{rel}","templated":true}]}}